{"id":455,"date":"2010-06-30T04:41:06","date_gmt":"2010-06-30T09:41:06","guid":{"rendered":"http:\/\/www.masajesmty.com\/?p=455"},"modified":"2010-06-30T04:41:06","modified_gmt":"2010-06-30T09:41:06","slug":"455","status":"publish","type":"post","link":"http:\/\/www.masajesmty.com\/web\/archives\/455\/ ","title":{"rendered":"El AMERICA estudia fichar al ex-madridista Fernando Morientes"},"content":{"rendered":"<p><a href=\"http:\/\/174.122.133.167\/~masajes\/web\/wp-content\/uploads\/2010\/06\/POSIBLE_TRASPASO_ex_madridista_Fernando.jpg\"><img loading=\"lazy\" decoding=\"async\" class=\"alignleft size-full wp-image-456\" title=\"POSIBLE_TRASPASO_ex_madridista_Fernando\" src=\"http:\/\/174.122.133.167\/~masajes\/web\/wp-content\/uploads\/2010\/06\/POSIBLE_TRASPASO_ex_madridista_Fernando.jpg\" alt=\"\" width=\"280\" height=\"280\" \/><\/a>El club de f\u00fatbol Am\u00e9rica, inici\u00f3 los contactos pertinentes para hacerse con los servicios del delantero espa\u00f1ol Fernando Morientes, explic\u00f3 este martes Gin\u00e9s Carvajal, representante del jugador.  Morientes, quien represent\u00f3 a Espa\u00f1a en los Mundiales de Francia 1998 y Corea-Jap\u00f3n 2002, colabora como comentarista de la cadena mexicana Televisa -due\u00f1a del Am\u00e9rica- para la Copa del Mundo de Sud\u00e1frica.  Morientes, de 34 a\u00f1os, quien actualmente es jugador del franc\u00e9s Olympique de Marsella ha jugado en los clubes espa\u00f1oles Albacete, Real Zaragoza, Real Madrid y Valencia; en el M\u00f3naco de Francia, adem\u00e1s del Liverpool de Inglaterra.  De concretarse el fichaje por parte de las Aguilas del Am\u00e9rica, Morientes ocupar\u00eda el lugar que dej\u00f3 vacante el paraguayo Salvador Caba\u00f1as, quien en enero vio cortada su exitosa carrera al recibir un disparo en la cabeza cuando se encontraba en un bar de la Ciudad de M\u00e9xico.  Los otros extranjeros del Am\u00e9rica son el chileno Jean Beausejour, el colombiano Aquivaldo Mosquera, el brasile\u00f1o Adolfo Rosinei y el argentino Daniel Montenegro.<\/p>\n<p><span style=\"font-size: x-large;\"><span><strong><span style=\"font-size: small;\"><span style=\"font-weight: normal;\"><br \/>\n<\/span><\/span><\/strong><\/span><\/span><\/p>\n","protected":false},"excerpt":{"rendered":"<p>El club de f\u00fatbol Am\u00e9rica, inici\u00f3 los contactos pertinentes para hacerse con los servicios del delantero espa\u00f1ol Fernando Morientes, explic\u00f3 este martes Gin\u00e9s Carvajal, representante del jugador.  Morientes, quien represent\u00f3 a Espa\u00f1a en los Mundiales de Francia 1998 y Corea-Jap\u00f3n 2002, colabora como comentarista de la cadena mexicana Televisa -due\u00f1a del Am\u00e9rica- para la [&#8230;]<\/p>\n","protected":false},"author":4,"featured_media":0,"comment_status":"open","ping_status":"open","sticky":false,"template":"","format":"standard","meta":{"_monsterinsights_skip_tracking":false,"_monsterinsights_sitenote_active":false,"_monsterinsights_sitenote_note":"","_monsterinsights_sitenote_category":0,"ngg_post_thumbnail":0,"footnotes":""},"categories":[17],"tags":[45,28,46,47,48,10,49,50],"class_list":["post-455","post","type-post","status-publish","format-standard","hentry","category-otros","tag-america","tag-deporte","tag-fernando-morientes","tag-fichajes","tag-futbol","tag-masajesmty","tag-morientes","tag-noticias"],"_links":{"self":[{"href":"http:\/\/www.masajesmty.com\/web\/wp-json\/wp\/v2\/posts\/455","targetHints":{"allow":["GET"]}}],"collection":[{"href":"http:\/\/www.masajesmty.com\/web\/wp-json\/wp\/v2\/posts"}],"about":[{"href":"http:\/\/www.masajesmty.com\/web\/wp-json\/wp\/v2\/types\/post"}],"author":[{"embeddable":true,"href":"http:\/\/www.masajesmty.com\/web\/wp-json\/wp\/v2\/users\/4"}],"replies":[{"embeddable":true,"href":"http:\/\/www.masajesmty.com\/web\/wp-json\/wp\/v2\/comments?post=455"}],"version-history":[{"count":0,"href":"http:\/\/www.masajesmty.com\/web\/wp-json\/wp\/v2\/posts\/455\/revisions"}],"wp:attachment":[{"href":"http:\/\/www.masajesmty.com\/web\/wp-json\/wp\/v2\/media?parent=455"}],"wp:term":[{"taxonomy":"category","embeddable":true,"href":"http:\/\/www.masajesmty.com\/web\/wp-json\/wp\/v2\/categories?post=455"},{"taxonomy":"post_tag","embeddable":true,"href":"http:\/\/www.masajesmty.com\/web\/wp-json\/wp\/v2\/tags?post=455"}],"curies":[{"name":"wp","href":"https:\/\/api.w.org\/{rel}","templated":true}]}}