{"id":2182,"date":"2011-04-26T20:50:47","date_gmt":"2011-04-27T02:50:47","guid":{"rendered":"http:\/\/www.masajesmty.com\/?p=2182"},"modified":"2011-06-23T18:27:32","modified_gmt":"2011-06-23T23:27:32","slug":"deportes-rueda-de-prensa-previa-al-clasico-guardiola-mourinho-es-el-jefe-el-puto-amo","status":"publish","type":"post","link":"http:\/\/www.masajesmty.com\/web\/archives\/deportes-rueda-de-prensa-previa-al-clasico-guardiola-mourinho-es-el-jefe-el-puto-amo\/ ","title":{"rendered":"Deportes, rueda de prensa previa al cl\u00e1sico: \u00abGuardiola: Mourinho es el jefe, el puto amo\u00bb"},"content":{"rendered":"<p><strong><a href=\"http:\/\/www.masajesmty.com\/web\/wp-content\/uploads\/2011\/04\/Guardiola_ataca_Mourinho_jefe_puto.jpg\"><img loading=\"lazy\" decoding=\"async\" class=\"alignleft size-full wp-image-2183\" title=\"Guardiola_ataca_Mourinho_jefe_puto\" src=\"http:\/\/www.masajesmty.com\/web\/wp-content\/uploads\/2011\/04\/Guardiola_ataca_Mourinho_jefe_puto.jpg\" alt=\"\" width=\"280\" height=\"280\" \/><\/a>Josep Guardiola<\/strong>, t\u00e9cnico del\u00a0<strong>Barcelona<\/strong>, respondi\u00f3 con extrema dureza a\u00a0<strong>Jos\u00e9 Mourinho<\/strong>, entrenador del Real Madrid, que hab\u00eda criticado que opinase sobre el arbitraje de la final de la Copa del Rey: \u00abLe voy a tutear, porque \u00e9l me ha llamado Pep. Jos\u00e9, \u00bfcu\u00e1l es tu c\u00e1mara? Ma\u00f1ana a las 8:45 nos vemos en el campo. Fuera ya ha ganado \u00e9l. Le regalo su Champions de fuera del campo. Normalmente gana \u00e9l porque as\u00ed lo dice su historia. Nosotros conquistamos cosas peque\u00f1itas que causan la admiraci\u00f3n del mundo. No acabaremos si yo tambi\u00e9n saco mi lista de agravios, pero no tengo un \u00e1rbitro ni directores generales que me apunten.\u00a0<strong>\u00c9l es el jefe, el puto amo<\/strong>. Me conoce y le conozco. Si se quiere quedar con los amigos de Florentino P\u00e9rez, con la\u00a0<strong>central lechera<\/strong> (se supone que se refer\u00eda a la prensa madrile\u00f1a) puede seguir leyendo a Alberto (en referencia a una alusi\u00f3n a Einstein que hizo el t\u00e9cnico blanco), pero yo he trabajado cuatro a\u00f1os con \u00e9l. Le conozco y me conoce. Ni siquiera voy a justificar mis palabras. Yo s\u00f3lo felicite al Madrid por su triunfo\u00bb.<\/p>\n<p>\u00abEs un mago en ese terreno, yo no. Yo no s\u00e9 hacer insinuaciones constantes ni sembrar dudas. Si el Barcelona quiere un entrenador de ese tipo tendr\u00e1n que buscar a otro. Si gana, le felicitar\u00e9. Si gano yo, espero que me felicite\u00bb, agreg\u00f3.<\/p>\n<p><strong>\u00abEl club indic\u00f3 a Ramos lo que ten\u00eda que decir\u00bb<\/strong><\/p>\n<p>\u00abHoy he hablado porque, por primera vez, dijo mi nombre. Y cuando lo diga, le responder\u00e9\u00bb, insisti\u00f3. Preguntado por unas palabras de\u00a0<strong>Sergio Ramos<\/strong>, que esperaba un partido limpio, dijo: \u00abHace seis a\u00f1os convenci\u00f3 a los del Chelsea y ahora a los del Madrid. En esta mi casa se hacen muchas cosas mal, pero siempre intentamos jugar bien al f\u00fatbol. Y Jos\u00e9 lo sabe, porque tambi\u00e9n le hemos ayudado en su formaci\u00f3n. Ahora s\u00e9 que fue el club el que le indic\u00f3 a Sergio Ramos lo que ten\u00eda que decir. De Mourinho aprendo mucho dentro del campo y procuro no aprender nada fuera\u00bb, a\u00f1adi\u00f3.<\/p>\n<p>\u00abNo me hab\u00eda encontrado nunca un Madrid tan agresivo. Pero para eso hay un \u00e1rbitro. Unas veces act\u00faa y otras, no\u00bb, coment\u00f3 el t\u00e9cnico cul\u00e9 en un ambiente de extrema tensi\u00f3n.<\/p>\n<p><strong>Pep se quej\u00f3 de la altura del c\u00e9sped<\/strong><\/p>\n<p>\u00abAqu\u00ed venimos con doce jugadores de la cantera y siete delanteros para intentar ganar a un equipo que tiene nueve copas de Europa. Nosotros no ten\u00edamos ninguna hace nada\u00bb, se\u00f1al\u00f3. Y se quej\u00f3 del estado del c\u00e9sped del Bernab\u00e9u: \u00abEst\u00e1 alto. Yo no s\u00e9 si la UEFA intervendr\u00e1 o no. Ellos ponen el campo como quieren y nosotros, en la vuelta, lo mismo\u00bb.<\/p>\n<p>El t\u00e9cnico tambi\u00e9n confirm\u00f3 la baja de Iniesta para el partido de ma\u00f1ana. \u00abAndr\u00e9s Iniesta es baja cien por cien. Esperamos recuperarlo para el partido de vuelta. Sin \u00e9l en el campo lo mismo cambiamos la forma de jugar. Lo \u00fanico que puedo asegurar es que saldremos con once futbolistas. Lo mismo ellos acaban con diez, pero nosotros saldremos con once\u00bb.<\/p>\n<p><strong>\u00abMourinho me puede creer a m\u00ed o a la prensa. Y por lo visto cree a la prensa\u00bb<\/strong><\/p>\n<p>Volviendo a la pol\u00e9mica con Jos\u00e9 Mourinho, Guardiola apostill\u00f3: \u00abLa intenci\u00f3n de mis palabras en la final de Copa no tienen nada que ver con lo que se vio en la prensa madrile\u00f1a. Quer\u00eda decir que el \u00e1rbitro estuvo muy listo al ver un fuera de juego tan justo.\u00a0<strong>Jos\u00e9 me puede creer a m\u00ed o lo que lee<\/strong>. Y por lo que he visto cree a la prensa\u00bb.<\/p>\n<p>Para Guardiola, \u00aben semifinales hay pocos favoritos. Ellos llegan con todos y nosotros muy justos. Ellos est\u00e1n en el mejor momento de la temporada pero que sepan que competiremos con lo mejor que tengamos\u00bb.<\/p>\n<p><strong>Guardiola confirma que no saldr\u00e1n a defender el resultado<\/strong><\/p>\n<p>Lo que s\u00ed dejo claro es que no saldr\u00e1n a defender el resultado. \u00abSi vienes a defender te acaban machacando porque el Bernab\u00e9u impone y porque tiene ocho delanteros. Adem\u00e1s no me sale afrontar un partido as\u00ed. Evidentemente hay un partido de vuelta y saldremos protegidos, pero la esencia ser\u00e1 la misma\u00bb, expres\u00f3.<\/p>\n<p>Tambi\u00e9n afirm\u00f3 que en este tipo de encuentros hay que dar algo m\u00e1s que en el resto y espera una buena actuaci\u00f3n del colegiado. \u00abSer\u00e1 un partido parejo en el que tendr\u00e1s que dar un plus adem\u00e1s del juego, pero hay un\u00a0<strong>\u00e1rbitro de mucho prestigio<\/strong> y con \u00e9l iremos\u00bb, finaliz\u00f3.<\/p>\n<p>Y se despidi\u00f3 diciendo: \u00ab<strong>hemos ca\u00eddo muchas veces como pa\u00eds y como equipo y luego nos levantamos. Este es un peque\u00f1o pa\u00eds que desde mi campanar se ve el campanar de otro pueblo<\/strong>\u00ab, letra de una canci\u00f3n de Lluis Llach.<\/p>\n<p>&nbsp;<\/p>\n<p>Fuente: Diario As.com<\/p>\n<p>&nbsp;<\/p>\n","protected":false},"excerpt":{"rendered":"<p>Josep Guardiola, t\u00e9cnico del\u00a0Barcelona, respondi\u00f3 con extrema dureza a\u00a0Jos\u00e9 Mourinho, entrenador del Real Madrid, que hab\u00eda criticado que opinase sobre el arbitraje de la final de la Copa del Rey: \u00abLe voy a tutear, porque \u00e9l me ha llamado Pep. Jos\u00e9, \u00bfcu\u00e1l es tu c\u00e1mara? Ma\u00f1ana a las 8:45 nos vemos en el campo. Fuera [&#8230;]<\/p>\n","protected":false},"author":3,"featured_media":0,"comment_status":"open","ping_status":"open","sticky":false,"template":"","format":"standard","meta":{"_monsterinsights_skip_tracking":false,"_monsterinsights_sitenote_active":false,"_monsterinsights_sitenote_note":"","_monsterinsights_sitenote_category":0,"ngg_post_thumbnail":0,"footnotes":""},"categories":[187],"tags":[],"class_list":["post-2182","post","type-post","status-publish","format-standard","hentry","category-relatos"],"_links":{"self":[{"href":"http:\/\/www.masajesmty.com\/web\/wp-json\/wp\/v2\/posts\/2182","targetHints":{"allow":["GET"]}}],"collection":[{"href":"http:\/\/www.masajesmty.com\/web\/wp-json\/wp\/v2\/posts"}],"about":[{"href":"http:\/\/www.masajesmty.com\/web\/wp-json\/wp\/v2\/types\/post"}],"author":[{"embeddable":true,"href":"http:\/\/www.masajesmty.com\/web\/wp-json\/wp\/v2\/users\/3"}],"replies":[{"embeddable":true,"href":"http:\/\/www.masajesmty.com\/web\/wp-json\/wp\/v2\/comments?post=2182"}],"version-history":[{"count":1,"href":"http:\/\/www.masajesmty.com\/web\/wp-json\/wp\/v2\/posts\/2182\/revisions"}],"predecessor-version":[{"id":2517,"href":"http:\/\/www.masajesmty.com\/web\/wp-json\/wp\/v2\/posts\/2182\/revisions\/2517"}],"wp:attachment":[{"href":"http:\/\/www.masajesmty.com\/web\/wp-json\/wp\/v2\/media?parent=2182"}],"wp:term":[{"taxonomy":"category","embeddable":true,"href":"http:\/\/www.masajesmty.com\/web\/wp-json\/wp\/v2\/categories?post=2182"},{"taxonomy":"post_tag","embeddable":true,"href":"http:\/\/www.masajesmty.com\/web\/wp-json\/wp\/v2\/tags?post=2182"}],"curies":[{"name":"wp","href":"https:\/\/api.w.org\/{rel}","templated":true}]}}