{"id":1975,"date":"2011-03-26T19:26:50","date_gmt":"2011-03-27T01:26:50","guid":{"rendered":"http:\/\/www.masajesmty.com\/?p=1975"},"modified":"2011-07-23T01:40:23","modified_gmt":"2011-07-23T06:40:23","slug":"decine-comienza-el-rodaje-de-el-hobbit","status":"publish","type":"post","link":"http:\/\/www.masajesmty.com\/web\/archives\/decine-comienza-el-rodaje-de-el-hobbit\/ ","title":{"rendered":"DeCine: Comienza el rodaje de \u00abEl hobbit\u00bb."},"content":{"rendered":"<p><a href=\"http:\/\/www.masajesmty.com\/web\/wp-content\/uploads\/2011\/03\/hobbit-movie_poster.jpg\"><img loading=\"lazy\" decoding=\"async\" class=\"alignleft size-medium wp-image-1976\" title=\"hobbit-movie_poster\" src=\"http:\/\/www.masajesmty.com\/web\/wp-content\/uploads\/2011\/03\/hobbit-movie_poster-202x300.jpg\" alt=\"\" width=\"202\" height=\"300\" \/><\/a><strong>Peter Jackson ha iniciado en Nueva Zelanda el rodaje de &#8216;El Hobbit&#8217;<\/strong>, la precuela de la trilog\u00eda\u00a0&#8216;El se\u00f1or de los anillos&#8217;, tras superar meses de continuos retrasos, inform\u00f3 el cineasta en un comunicado.<\/p>\n<p>El director neozeland\u00e9s, de 50 a\u00f1os, afirm\u00f3 que\u00a0el reparto, encabezado por Martin Freeman como el hobbit Bilbo Baggins y Ian McKellen en el personaje del mago Gandalf, ha terminado con los preparativos de la pel\u00edcula.<\/p>\n<p>Elijah Wood, Christopher Lee, Cate Blanchett y Orlando Bloom repetir\u00e1n los mismos roles que encarnaron en &#8216;El se\u00f1or de los anillos&#8217;, ganadora de un total de trece Oscar en las tres entregas.<\/p>\n<p>Problemas de financiaci\u00f3n, un conato de huelga de actores y una \u00falcera de Jackson han puesto en jaque a la producci\u00f3n, que constar\u00e1 de dos partes, con un presupuesto de 500 millones de d\u00f3lares (352 millones de euros).<\/p>\n<p>Debido a los retrasos, el director mexicano Guillermo del Toro se retir\u00f3 en mayo de 2010 de la coproducci\u00f3n de New Line Cinema y Metro Goldwyn Meyer, aunque\u00a0continu\u00f3 su colaboraci\u00f3n en la elaboraci\u00f3n de los guiones.<\/p>\n<p>En octubre de 2010, las productoras estuvieron a punto de llevarse el rodaje a otro pa\u00eds tras los problemas salariales con los sindicatos de actores locales, pero el Gobierno neozeland\u00e9s medi\u00f3 y acept\u00f3 modificar la ley laboral para salvar el proyecto.<\/p>\n<p>La historia de &#8216;The Hobbit&#8217; transcurre en la Tierra Media descrita en la pel\u00edcula &#8216;El se\u00f1or de los anillos&#8217;, el mundo de ficci\u00f3n creado por J.R.R. Tolkien, y\u00a0est\u00e1 previsto que la primera entrega llegue a los cines en 2012.<\/p>\n<p>&nbsp;<\/p>\n<p>&nbsp;<\/p>\n","protected":false},"excerpt":{"rendered":"<p>Peter Jackson ha iniciado en Nueva Zelanda el rodaje de &#8216;El Hobbit&#8217;, la precuela de la trilog\u00eda\u00a0&#8216;El se\u00f1or de los anillos&#8217;, tras superar meses de continuos retrasos, inform\u00f3 el cineasta en un comunicado.<br \/>\nEl director neozeland\u00e9s, de 50 a\u00f1os, afirm\u00f3 que\u00a0el reparto, encabezado por Martin Freeman como el hobbit Bilbo Baggins y Ian McKellen en el [&#8230;]<\/p>\n","protected":false},"author":3,"featured_media":0,"comment_status":"open","ping_status":"open","sticky":false,"template":"","format":"standard","meta":{"_monsterinsights_skip_tracking":false,"_monsterinsights_sitenote_active":false,"_monsterinsights_sitenote_note":"","_monsterinsights_sitenote_category":0,"ngg_post_thumbnail":0,"footnotes":""},"categories":[519],"tags":[],"class_list":["post-1975","post","type-post","status-publish","format-standard","hentry","category-cine-articulos"],"_links":{"self":[{"href":"http:\/\/www.masajesmty.com\/web\/wp-json\/wp\/v2\/posts\/1975","targetHints":{"allow":["GET"]}}],"collection":[{"href":"http:\/\/www.masajesmty.com\/web\/wp-json\/wp\/v2\/posts"}],"about":[{"href":"http:\/\/www.masajesmty.com\/web\/wp-json\/wp\/v2\/types\/post"}],"author":[{"embeddable":true,"href":"http:\/\/www.masajesmty.com\/web\/wp-json\/wp\/v2\/users\/3"}],"replies":[{"embeddable":true,"href":"http:\/\/www.masajesmty.com\/web\/wp-json\/wp\/v2\/comments?post=1975"}],"version-history":[{"count":0,"href":"http:\/\/www.masajesmty.com\/web\/wp-json\/wp\/v2\/posts\/1975\/revisions"}],"wp:attachment":[{"href":"http:\/\/www.masajesmty.com\/web\/wp-json\/wp\/v2\/media?parent=1975"}],"wp:term":[{"taxonomy":"category","embeddable":true,"href":"http:\/\/www.masajesmty.com\/web\/wp-json\/wp\/v2\/categories?post=1975"},{"taxonomy":"post_tag","embeddable":true,"href":"http:\/\/www.masajesmty.com\/web\/wp-json\/wp\/v2\/tags?post=1975"}],"curies":[{"name":"wp","href":"https:\/\/api.w.org\/{rel}","templated":true}]}}