{"id":1575,"date":"2011-01-14T11:57:18","date_gmt":"2011-01-14T17:57:18","guid":{"rendered":"http:\/\/www.masajesmty.com\/?p=1575"},"modified":"2011-01-14T11:57:18","modified_gmt":"2011-01-14T17:57:18","slug":"deseries-terranova","status":"publish","type":"post","link":"http:\/\/www.masajesmty.com\/web\/archives\/deseries-terranova\/ ","title":{"rendered":"DeSeries: Terranova"},"content":{"rendered":"<p><a href=\"http:\/\/www.masajesmty.com\/web\/wp-content\/uploads\/2011\/01\/TerraNova.jpg\"><img loading=\"lazy\" decoding=\"async\" class=\"alignleft size-medium wp-image-1576\" title=\"TerraNova\" src=\"http:\/\/www.masajesmty.com\/web\/wp-content\/uploads\/2011\/01\/TerraNova-300x168.jpg\" alt=\"\" width=\"300\" height=\"168\" \/><\/a><strong>Steven Spielberg<\/strong> volver\u00e1 al mundo de los dinosaurios como productor de\u00a0<strong><em>Terra Nova<\/em><\/strong>, una ambiciosa serie de presupuesto multimillonario que aspira a superar el \u00e9xito de\u00a0<em><strong>Perdidos <\/strong><\/em>y convertirse en el\u00a0<strong>fen\u00f3meno televisivo del a\u00f1o. <\/strong>A medio camino entre\u00a0<em>Parque Jur\u00e1sico<\/em> y\u00a0<em>Avatar<\/em>,\u00a0<strong><em>Terra Nova<\/em><\/strong> contar\u00e1 la aventura de un\u00a0<strong>grupo de colonos del futuro <\/strong>que<strong> viajan<\/strong> en el tiempo hasta la\u00a0<strong>prehistoria<\/strong> con el objetivo de empezar desde cero una civilizaci\u00f3n, un argumento en el que no faltar\u00e1n peligrosos\u00a0<strong>reptiles gigantes<\/strong>,<strong> vegetaci\u00f3n<\/strong> y\u00a0<strong>paisajes espectaculares<\/strong>, as\u00ed como personajes con oscuras intenciones.<\/p>\n<p><em>\u00ab<\/em><strong><em>Terra Nova<\/em> <\/strong>es m\u00e1s que cualquier cosa que he hecho en mi vida,\u00a0<strong>es incre\u00edble<\/strong>\u00ab, asegur\u00f3 a la web de entretenemiento\u00a0<a href=\"http:\/\/www.thewrap.com\/\" target=\"_blank\"><em><strong>The Wrap<\/strong><\/em><\/a> el director\u00a0<strong>Alex Graves <\/strong>(<em>Fringe, El ala oeste<\/em>), realizador del episodio piloto que se estrenar\u00e1 en dos partes los pr\u00f3ximos 23 y 24 de mayo, a trav\u00e9s de Fox en EEUU. La serie debutar\u00e1 un a\u00f1o despu\u00e9s de que fuera anunciada por esa cadena estadounidense y entre rumores de<strong> gastos <\/strong>ingentes\u00a0<strong>similares a los de una pel\u00edcula. <\/strong>Hace unos meses se especulaba que la inversi\u00f3n inicial del proyecto, antes de empezar a rodar,\u00a0<strong>superaba ya los 7,4 millones de euros<\/strong>, una cifra que igualar\u00eda el coste de hacer las 2 primeras horas de\u00a0<em>Perdidos<\/em>, y el piloto podr\u00eda ascender hasta los 14,9 millones de euros.<\/p>\n<p><strong><em>Terra Nova<\/em> <\/strong>ha sido calificado por el presidente de Fox Entertainment, Kevin Reilly, como una<strong>producci\u00f3n \u00abenorme\u00bb <\/strong>con muchas necesidades en t\u00e9rminos de realizaci\u00f3n y de dise\u00f1o, pero con mucho potencial. \u00ab<strong>Es una gran apuesta<\/strong>, va a ser gigante\u00bb, dijo Reilly, que contribuy\u00f3 as\u00ed a incrementar unas expectativas ya de por s\u00ed elevadas sobre una serie avalada por Spielberg cuyo \u00e9xito se medir\u00e1 en funci\u00f3n de si consigue o no llenar el hueco dejado por<em>Perdidos<\/em>. Un referente que no parece intimidar al equipo de\u00a0<em>Terra Nova<\/em>, que apunta alto. \u00abEsto\u00a0<strong>no tiene nada que ver con\u00a0<em>Perdidos<\/em> <\/strong>por una raz\u00f3n:\u00a0<strong>est\u00e1 hecho para atraer espectadores masivamente<\/strong>\u00ab, afirm\u00f3 Graves, para a\u00f1adir que a todo el mundo, desde sus hijos a un aficionado a los videojuegos o hasta su padre, \u00able gustar\u00e1 este programa\u00bb.<\/p>\n<p>La trama de\u00a0<em>Terra Nova<\/em>, aunque tendr\u00e1 suspense y acci\u00f3n,\u00a0<strong>evitar\u00e1<\/strong> los niveles de<strong>complejidad<\/strong> que se alcanzaron en\u00a0<em>Perdidos <\/em>y se centrar\u00e1 alrededor de la supervivencia de unos colonos en un entorno hostil. La acci\u00f3n girar\u00e1 alrededor de\u00a0<strong>una de las familias<\/strong> que se traslada desde 2149 hasta hace 85 millones de a\u00f1os como parte de un experimento a la desesperada por\u00a0<strong>salvar a la humanidad<\/strong> y cuenta en su reparto con Jason O&#8217;Mara (<em>Life on Mars<\/em>) o Stephen Lang (<em>Avatar<\/em>). Este drama de ciencia ficci\u00f3n tiene Australia como base de operaciones. All\u00ed los creadores de la serie construyeron\u00a0<strong>decorados parecidos a los empleados en\u00a0<em>Parque Jur\u00e1sico<\/em> <\/strong>y sufrieron un tiempo extremadamente lluvioso que, seg\u00fan Reilly, ayud\u00f3 a \u00abcrear una gran atm\u00f3sfera\u00bb.\u00a0<strong><em>Terra Nova,<\/em><\/strong><em> <\/em>que se grab\u00f3 a finales de 2010 y se encuentra en proceso de postproducci\u00f3n, tendr\u00e1\u00a0<strong>13 cap\u00edtulos<\/strong> en su\u00a0<strong>primera temporada<\/strong>que ser\u00e1n suficientes para amortizar toda la inversi\u00f3n, concluy\u00f3 Reilly.<\/p>\n","protected":false},"excerpt":{"rendered":"<p>Steven Spielberg volver\u00e1 al mundo de los dinosaurios como productor de\u00a0Terra Nova, una ambiciosa serie de presupuesto multimillonario que aspira a superar el \u00e9xito de\u00a0Perdidos y convertirse en el\u00a0fen\u00f3meno televisivo del a\u00f1o. A medio camino entre\u00a0Parque Jur\u00e1sico y\u00a0Avatar,\u00a0Terra Nova contar\u00e1 la aventura de un\u00a0grupo de colonos del futuro que viajan en el tiempo hasta la\u00a0prehistoria [&#8230;]<\/p>\n","protected":false},"author":3,"featured_media":0,"comment_status":"open","ping_status":"open","sticky":false,"template":"","format":"standard","meta":{"_monsterinsights_skip_tracking":false,"_monsterinsights_sitenote_active":false,"_monsterinsights_sitenote_note":"","_monsterinsights_sitenote_category":0,"ngg_post_thumbnail":0,"footnotes":""},"categories":[17],"tags":[],"class_list":["post-1575","post","type-post","status-publish","format-standard","hentry","category-otros"],"_links":{"self":[{"href":"http:\/\/www.masajesmty.com\/web\/wp-json\/wp\/v2\/posts\/1575","targetHints":{"allow":["GET"]}}],"collection":[{"href":"http:\/\/www.masajesmty.com\/web\/wp-json\/wp\/v2\/posts"}],"about":[{"href":"http:\/\/www.masajesmty.com\/web\/wp-json\/wp\/v2\/types\/post"}],"author":[{"embeddable":true,"href":"http:\/\/www.masajesmty.com\/web\/wp-json\/wp\/v2\/users\/3"}],"replies":[{"embeddable":true,"href":"http:\/\/www.masajesmty.com\/web\/wp-json\/wp\/v2\/comments?post=1575"}],"version-history":[{"count":0,"href":"http:\/\/www.masajesmty.com\/web\/wp-json\/wp\/v2\/posts\/1575\/revisions"}],"wp:attachment":[{"href":"http:\/\/www.masajesmty.com\/web\/wp-json\/wp\/v2\/media?parent=1575"}],"wp:term":[{"taxonomy":"category","embeddable":true,"href":"http:\/\/www.masajesmty.com\/web\/wp-json\/wp\/v2\/categories?post=1575"},{"taxonomy":"post_tag","embeddable":true,"href":"http:\/\/www.masajesmty.com\/web\/wp-json\/wp\/v2\/tags?post=1575"}],"curies":[{"name":"wp","href":"https:\/\/api.w.org\/{rel}","templated":true}]}}