{"id":1510,"date":"2010-12-18T19:37:00","date_gmt":"2010-12-19T01:37:00","guid":{"rendered":"http:\/\/www.masajesmty.com\/?p=1510"},"modified":"2010-12-18T19:37:00","modified_gmt":"2010-12-19T01:37:00","slug":"paris-hilton-y-su-equipo-de-moto1","status":"publish","type":"post","link":"http:\/\/www.masajesmty.com\/web\/archives\/paris-hilton-y-su-equipo-de-moto1\/ ","title":{"rendered":"Paris Hilton y su equipo de Moto1"},"content":{"rendered":"<p><a href=\"http:\/\/www.masajesmty.com\/web\/wp-content\/uploads\/2010\/12\/2010-12-18_IMG_2010-12-18_17-34-57_paris.jpg\"><img loading=\"lazy\" decoding=\"async\" class=\"alignleft size-medium wp-image-1511\" title=\"2010-12-18_IMG_2010-12-18_17-34-57_paris\" src=\"http:\/\/www.masajesmty.com\/web\/wp-content\/uploads\/2010\/12\/2010-12-18_IMG_2010-12-18_17-34-57_paris-300x211.jpg\" alt=\"\" width=\"300\" height=\"211\" \/><\/a>Los pilotos espa\u00f1oles Sergio Gadea y Maverick Vi\u00f1ales disputar\u00e1n el campeonato del mundo de motociclismo de 2011 en la categor\u00eda de los 125 c.c. de la mano de la medi\u00e1tica estrella estadounidense Par\u00eds Hilton, que acudi\u00f3 puntual a la presentaci\u00f3n del nuevo equipo SuperMartx\u00e9 VIP by Paris Hilton.<\/p>\n<p>Con una llamativa y extravagante Aprilia RSA 125 al frente del puesto de la presentaci\u00f3n y pintada en blanco, azul y rosa chicle, Par\u00eds Hilton fue la primera de las protagonistas en llegar a una sala de prensa abarrotada en la que tambi\u00e9n estaba el jovenc\u00edsimo campe\u00f3n de Espa\u00f1a y de Europa Maverick Vi\u00f1ales.<\/p>\n<p>En la misma mesa, inicialmente, no pudo estar el que debe ser el primer piloto de la escuder\u00eda, Sergio Gadea, que no pudo asistir por encontrarse en la cama con una fuerte contractura en el cuello, aunque pocos minutos despu\u00e9s de lo debi\u00f3 pensar mejor y acab\u00f3 present\u00e1ndose junto al resto de los integrantes del proyecto.<\/p>\n<p>Durante la presentaci\u00f3n del nuevo equipo, en el que la estadounidense Hilton asegur\u00f3 ser\u00e1 parte activa y acudir\u00e1 a cuantos circuitos se lo permita su intensa agenda se lament\u00f3 la ausencia ya anunciada del equipo de Antonio Banderas \u00abpor restar la presencia de otras celebridades\u00bb, aunque los responsables de un proyecto que est\u00e1 llamado a ser multitudinario en todas sus citas, si a ellas acude la que es considerada como la cuarta persona m\u00e1s medi\u00e1tica del planeta.<\/p>\n<p>Aunque fue el \u00faltimo en llegar, Sergio Gadea reconoci\u00f3 no tener ning\u00fan problema si se tiene que vestir un mono de cuero con los colores rosa chicle que luce la moto de la que reconoci\u00f3 que le hizo \u00abmucha gracia cuando la vi por primera vez\u00bb, aunque ello resulta anecd\u00f3tico en una temporada que para \u00e9l la considera \u00abimportant\u00edsima pues venimos de otra categor\u00eda en la que hemos conseguido buenos resultados y llegamos con ganas de hacer grandes resultados\u00bb.<\/p>\n<p>En la escuder\u00eda, cuyo propietario es Ra\u00fal Romero y Ricard Jov\u00e9 ser\u00e1 el director t\u00e9cnico, contar\u00e1n para la pr\u00f3xima temporada con el t\u00e9cnico italiano Rosano Brazzi, quien entre otros fue el responsable de la preparaci\u00f3n de las motos de los italianos Max Biaggi o Valentino Rossi, lo que ya de por s\u00ed garantiza la competitividad de las motos del fabricante de Noale (Italia).<\/p>\n<p>Maverick Vi\u00f1ales, quien luego acudi\u00f3 a la gala de entrega de premios de la Real Federaci\u00f3n Motociclista Espa\u00f1ola, como campe\u00f3n de Espa\u00f1a y de Europa de los 125 c.c., manifest\u00f3 que llegaba al equipo con mucha ilusi\u00f3n y que su principal objetivo ser\u00eda aprender lo m\u00e1s r\u00e1pidamente posible para conseguir buenos resultado, lo que suscit\u00f3 la pregunta entre los asistentes de s\u00ed le gustar\u00eda m\u00e1s ser campe\u00f3n del mundo de motociclismo o dar una vuelta a Par\u00eds Hilton, a lo que el joven piloto respondi\u00f3 que \u00abambas\u00bb.<\/p>\n<p>Nadie escondi\u00f3 durante la presentaci\u00f3n que el ambicioso objetivo de la nueva escuder\u00eda es luchar por el t\u00edtulo mundial de los 125 c.c., con Sergio Gadea como su principal valedor, puesto que no en vano el piloto valenciano de Puzol ya disput\u00f3 hace dos temporadas esta categor\u00eda con unos resultados muy buenos.<\/p>\n\n","protected":false},"excerpt":{"rendered":"<p>Los pilotos espa\u00f1oles Sergio Gadea y Maverick Vi\u00f1ales disputar\u00e1n el campeonato del mundo de motociclismo de 2011 en la categor\u00eda de los 125 c.c. de la mano de la medi\u00e1tica estrella estadounidense Par\u00eds Hilton, que acudi\u00f3 puntual a la presentaci\u00f3n del nuevo equipo SuperMartx\u00e9 VIP by Paris Hilton.<br \/>\nCon una llamativa y extravagante Aprilia RSA 125 [&#8230;]<\/p>\n","protected":false},"author":3,"featured_media":0,"comment_status":"open","ping_status":"open","sticky":false,"template":"","format":"standard","meta":{"_monsterinsights_skip_tracking":false,"_monsterinsights_sitenote_active":false,"_monsterinsights_sitenote_note":"","_monsterinsights_sitenote_category":0,"ngg_post_thumbnail":0,"footnotes":""},"categories":[12],"tags":[],"class_list":["post-1510","post","type-post","status-publish","format-standard","hentry","category-opinion"],"_links":{"self":[{"href":"http:\/\/www.masajesmty.com\/web\/wp-json\/wp\/v2\/posts\/1510","targetHints":{"allow":["GET"]}}],"collection":[{"href":"http:\/\/www.masajesmty.com\/web\/wp-json\/wp\/v2\/posts"}],"about":[{"href":"http:\/\/www.masajesmty.com\/web\/wp-json\/wp\/v2\/types\/post"}],"author":[{"embeddable":true,"href":"http:\/\/www.masajesmty.com\/web\/wp-json\/wp\/v2\/users\/3"}],"replies":[{"embeddable":true,"href":"http:\/\/www.masajesmty.com\/web\/wp-json\/wp\/v2\/comments?post=1510"}],"version-history":[{"count":0,"href":"http:\/\/www.masajesmty.com\/web\/wp-json\/wp\/v2\/posts\/1510\/revisions"}],"wp:attachment":[{"href":"http:\/\/www.masajesmty.com\/web\/wp-json\/wp\/v2\/media?parent=1510"}],"wp:term":[{"taxonomy":"category","embeddable":true,"href":"http:\/\/www.masajesmty.com\/web\/wp-json\/wp\/v2\/categories?post=1510"},{"taxonomy":"post_tag","embeddable":true,"href":"http:\/\/www.masajesmty.com\/web\/wp-json\/wp\/v2\/tags?post=1510"}],"curies":[{"name":"wp","href":"https:\/\/api.w.org\/{rel}","templated":true}]}}