{"id":1339,"date":"2010-11-15T14:40:13","date_gmt":"2010-11-15T20:40:13","guid":{"rendered":"http:\/\/www.masajesmty.com\/?p=1339"},"modified":"2010-11-15T14:40:13","modified_gmt":"2010-11-15T20:40:13","slug":"larga-vida-a-los-simpsons","status":"publish","type":"post","link":"http:\/\/www.masajesmty.com\/web\/archives\/larga-vida-a-los-simpsons\/ ","title":{"rendered":"Larga vida a los Simpsons!"},"content":{"rendered":"<p><a href=\"http:\/\/www.masajesmty.com\/web\/wp-content\/uploads\/2010\/11\/simpsons.jpg\"><img loading=\"lazy\" decoding=\"async\" class=\"alignleft size-medium wp-image-1340\" title=\"simpsons\" src=\"http:\/\/www.masajesmty.com\/web\/wp-content\/uploads\/2010\/11\/simpsons-300x213.jpg\" alt=\"\" width=\"300\" height=\"213\" \/><\/a><\/p>\n<h2>La 20th Century Fox acaba de anunciar la renovaci\u00f3n de la serie de Matt Groening<\/h2>\n<p>Y van 23. La 20th Century Fox acaba de anunciar la renovaci\u00f3n de &#8216;Los Simpsons&#8217;, la serie de animaci\u00f3n m\u00e1s longeva de la televisi\u00f3n que ya va por los 515 episodios y que continuar\u00e1 en antena otro a\u00f1o.<\/p>\n<p>Homer, Bart, Marge, Lisa, Maggie y el resto de personajes de Springfield seguir\u00e1n dando que hablar. \u00abAl igual que muchos j\u00f3venes de 22 a\u00f1os de edad, &#8216;Los Simpson&#8217; est\u00e1 muy feliz de quedarse en casa, en Fox, y espera que no tenga que salir al mundo real durante muchos a\u00f1os\u00bb, afirm\u00f3 Al Jean, productor ejecutivo de la serie.<\/p>\n<p>En la actual temporada, la n\u00famero 22, las andanzas de la familia amarilla se superar\u00e1n a s\u00ed mismas y seguir\u00e1n recibiendo la visita de importantes estrellas. Entre los cameos de esta temporada destacan Halle Berry, Paul Rudd, Ricky Gervais, Rachel Weisz, Jon Hamm o la leyenda del baloncesto Kareem Abdul-Jabbar.<\/p>\n<p>Am\u00e9n del anunciado cap\u00edtulo especial con Katy Perry que, tras ser vetada en Barrio S\u00e9samo, compartir\u00e1 una escena de acci\u00f3n real con los personajes hechos marionetas. Adem\u00e1s, esta temporada ya pudimos ver en el especial de Halloween a Robert Pattinson, con la voz de Daniel Radcliffe, enamorar a Lisa.<\/p>\n","protected":false},"excerpt":{"rendered":"<p>La 20th Century Fox acaba de anunciar la renovaci\u00f3n de la serie de Matt Groening<br \/>\nY van 23. La 20th Century Fox acaba de anunciar la renovaci\u00f3n de &#8216;Los Simpsons&#8217;, la serie de animaci\u00f3n m\u00e1s longeva de la televisi\u00f3n que ya va por los 515 episodios y que continuar\u00e1 en antena otro a\u00f1o.<br \/>\nHomer, Bart, Marge, Lisa, [&#8230;]<\/p>\n","protected":false},"author":3,"featured_media":0,"comment_status":"open","ping_status":"open","sticky":false,"template":"","format":"standard","meta":{"_monsterinsights_skip_tracking":false,"_monsterinsights_sitenote_active":false,"_monsterinsights_sitenote_note":"","_monsterinsights_sitenote_category":0,"ngg_post_thumbnail":0,"footnotes":""},"categories":[17],"tags":[257,258,259,260],"class_list":["post-1339","post","type-post","status-publish","format-standard","hentry","category-otros","tag-20th-centhury-fox","tag-nueva-temporada-de-los-simpsons","tag-simpsons","tag-temporada-23"],"_links":{"self":[{"href":"http:\/\/www.masajesmty.com\/web\/wp-json\/wp\/v2\/posts\/1339","targetHints":{"allow":["GET"]}}],"collection":[{"href":"http:\/\/www.masajesmty.com\/web\/wp-json\/wp\/v2\/posts"}],"about":[{"href":"http:\/\/www.masajesmty.com\/web\/wp-json\/wp\/v2\/types\/post"}],"author":[{"embeddable":true,"href":"http:\/\/www.masajesmty.com\/web\/wp-json\/wp\/v2\/users\/3"}],"replies":[{"embeddable":true,"href":"http:\/\/www.masajesmty.com\/web\/wp-json\/wp\/v2\/comments?post=1339"}],"version-history":[{"count":0,"href":"http:\/\/www.masajesmty.com\/web\/wp-json\/wp\/v2\/posts\/1339\/revisions"}],"wp:attachment":[{"href":"http:\/\/www.masajesmty.com\/web\/wp-json\/wp\/v2\/media?parent=1339"}],"wp:term":[{"taxonomy":"category","embeddable":true,"href":"http:\/\/www.masajesmty.com\/web\/wp-json\/wp\/v2\/categories?post=1339"},{"taxonomy":"post_tag","embeddable":true,"href":"http:\/\/www.masajesmty.com\/web\/wp-json\/wp\/v2\/tags?post=1339"}],"curies":[{"name":"wp","href":"https:\/\/api.w.org\/{rel}","templated":true}]}}